{"id":10552,"date":"2026-04-29T10:46:33","date_gmt":"2026-04-29T08:46:33","guid":{"rendered":"https:\/\/carnicelli.eu\/?p=10552"},"modified":"2026-04-29T10:46:40","modified_gmt":"2026-04-29T08:46:40","slug":"la-loi-sur-le-consentement-et-la-culture-du-viol","status":"publish","type":"post","link":"https:\/\/carnicelli.eu\/index.php\/2026\/04\/29\/la-loi-sur-le-consentement-et-la-culture-du-viol\/","title":{"rendered":"La loi sur le consentement et la culture du viol"},"content":{"rendered":"\n<ol class=\"wp-block-list\">\n<li>Introduction : La loi sur le consentement, zones grises, et le besoin de clart\u00e9<\/li>\n\n\n\n<li>La directive europ\u00e9enne : harmonisation, d\u00e9finition du viol, sanctions<\/li>\n\n\n\n<li>Qui vote contre ? Les partis d\u2019extr\u00eame droite et leurs arguments<\/li>\n\n\n\n<li>Culture du viol : excuses, r\u00e9sistances, et le besoin de changement<\/li>\n\n\n\n<li>L\u2019Europe et le monde : pourquoi c\u2019est l\u2019affaire de tous<\/li>\n\n\n\n<li>F\u00e9minisme, humanisme, et \u00e9galit\u00e9 : droits humains, droits des femmes<\/li>\n\n\n\n<li>Les hommes, l\u2019apprentissage, et la responsabilit\u00e9 collective<\/li>\n\n\n\n<li>Conclusion : refus de la r\u00e9gression, appel \u00e0 l\u2019action<\/li>\n<\/ol>\n\n\n\n<hr class=\"wp-block-separator has-alpha-channel-opacity\"\/>\n\n\n\n<h3 class=\"wp-block-heading\">Consentement, zones grises et la loi : On en parle<\/h3>\n\n\n\n<p>Derni\u00e8rement, j\u2019ai \u00e9crit sur la loi du consentement. Vous savez, ce fameux texte qui tente de mettre un peu de lumi\u00e8re l\u00e0 o\u00f9, franchement, c\u2019\u00e9tait le brouillard. La loi, elle n\u2019aime pas le gris. C\u2019est blanc ou noir, vrai ou faux. Et, honn\u00eatement, c\u2019est pas plus mal. Parce que dans les affaires de violences de genre, les zones grises, \u00e7a arrange surtout ceux qui veulent esquiver leurs responsabilit\u00e9s.<\/p>\n\n\n\n<p>Mais voil\u00e0, la loi avance. Et puis, il y a eu ce vote europ\u00e9en, tout r\u00e9cent. J\u2019ai entendu \u00e7a \u00e0 la radio, et \u00e7a m\u2019a fait r\u00e9fl\u00e9chir. Les d\u00e9put\u00e9s europ\u00e9ens ont vot\u00e9, en avril 2026, une directive historique. Une d\u00e9finition commune du viol, bas\u00e9e sur l\u2019absence de consentement, pour les vingt-sept pays membres. Enfin, une harmonisation ! Les peines sont durcies, surtout pour les crimes contre les mineurs ou avec une violence extr\u00eame. Et, cerise sur le g\u00e2teau, de nouvelles sanctions contre le partage non consenti d\u2019images intimes \u2013 la cyberviolence, on en parle trop peu, mais elle fait des ravages.<\/p>\n\n\n\n<h3 class=\"wp-block-heading\">Mais qui vote contre ? Toujours les m\u00eames\u2026<\/h3>\n\n\n\n<p>Alors, je me suis demand\u00e9 : qui peut bien voter contre \u00e7a ? Parce que, soyons honn\u00eates, la loi fran\u00e7aise n\u2019a jamais \u00e9t\u00e9 vot\u00e9e \u00e0 l\u2019unanimit\u00e9. Et au Parlement europ\u00e9en, rebelote. Qui s\u2019oppose ? Eh bien, toujours les m\u00eames. Le Rassemblement National, les partis d\u2019extr\u00eame droite, et certains R\u00e9publicains, ceux du parti d\u2019\u00c9ric Ciotti. \u00c0 droite de la droite, si on peut dire. C\u2019est presque une routine : d\u00e8s qu\u2019il s\u2019agit de droits des femmes, ils trouvent des excuses pour ne pas voter ou voter contre.<\/p>\n\n\n\n<p>Et l\u00e0, franchement, leurs arguments\u2026 On les conna\u00eet. Ils ne peuvent pas dire qu\u2019ils sont contre les femmes, alors ils sortent des raisons un peu bancales. \u00ab On a peur que \u00e7a oblige \u00e0 prouver le consentement \u00bb, \u00ab \u00e7a va trop loin \u00bb, \u00ab l\u2019Europe n\u2019a pas \u00e0 s\u2019occuper de \u00e7a \u00bb. Vous voyez le genre. <strong>Mais, soyons s\u00e9rieux : avant, il suffisait de violer, et la culture du viol \u00e9tait presque naturelle. Aujourd\u2019hui, on veut abolir cette culture. Et \u00e7a d\u00e9range certains, manifestement.<\/strong><\/p>\n\n\n\n<h3 class=\"wp-block-heading\">La culture du viol : excuses et r\u00e9sistances<\/h3>\n\n\n\n<p>La culture du viol, c\u2019est ce truc insidieux qui fait qu\u2019on trouve normal de douter de la parole des victimes, de minimiser les faits, de chercher des excuses. Et, vous savez quoi ? \u00c7a arrange bien ceux qui veulent que rien ne change. Mais aujourd\u2019hui, c\u2019est l\u2019inverse. On veut que le consentement soit la r\u00e8gle, pas l\u2019exception. On veut que les droits des femmes soient respect\u00e9s, tout simplement.<\/p>\n\n\n\n<p>Et puis, il y a ceux qui disent que l\u2019Europe n\u2019a pas \u00e0 s\u2019occuper de \u00e7a. Mais, franchement, pourquoi pas ? L\u2019Europe, c\u2019est aussi un espace de droits, de valeurs communes. Et si on veut avancer, il faut que tout le monde s\u2019y mette. Ce serait m\u00eame bien que le monde entier s\u2019en occupe, non ? Qu\u2019on arr\u00eate avec la culture du viol et ces soci\u00e9t\u00e9s patriarcales qui \u00e9crasent les droits des femmes.<\/p>\n\n\n\n<h3 class=\"wp-block-heading\">F\u00e9minisme, humanisme, \u00e9galit\u00e9 : tout le monde \u00e0 la m\u00eame enseigne<\/h3>\n\n\n\n<p>Pour moi, les femmes ont les m\u00eames droits que les hommes. Point. Je suis un homme, et je suis f\u00e9ministe. Radicalement f\u00e9ministe, m\u00eame. \u00c7a ne veut pas dire que je suis contre les hommes \u2013 loin de l\u00e0. \u00c7a veut dire que je suis pour que les femmes aient les m\u00eames droits, et qu\u2019on arr\u00eate de les traiter diff\u00e9remment, surtout quand il s\u2019agit de droits et de devoirs.<\/p>\n\n\n\n<p>Le f\u00e9minisme, c\u2019est de l\u2019humanisme, en fait. Tous les \u00eatres humains doivent avoir les m\u00eames droits, simplement parce qu\u2019ils sont humains. \u00c7a va plus loin que le f\u00e9minisme : \u00e7a inclut aussi les personnes handicap\u00e9es, celles qui sont diff\u00e9rentes par leur religion, leur couleur de peau, tout ce que vous voulez. On est tous humains, et c\u2019est pareil selon le sexe. Femme ou homme, m\u00eame combat, m\u00eames droits. Et, entre autres, le droit de ne pas se faire violer. \u00c7a para\u00eet \u00e9vident, non ?<\/p>\n\n\n\n<h3 class=\"wp-block-heading\">Les hommes, l\u2019apprentissage, et la responsabilit\u00e9 collective<\/h3>\n\n\n\n<p>Quand on sait que plus de 90 % des violeurs sont des hommes, il faut arr\u00eater de dire \u00ab tous les hommes ne sont pas comme \u00e7a \u00bb. Oui, tous les hommes sont comme ils sont, mais on ne na\u00eet pas humain, on le devient. C\u2019est un apprentissage. Devenir un homme, c\u2019est aussi quelque chose qui nous est transmis, impos\u00e9 parfois, par ceux qui nous \u00e9l\u00e8vent.<\/p>\n\n\n\n<p>Mais est-ce qu\u2019on est oblig\u00e9 de rester comme \u00e7a ? Non. On peut changer, apprendre, \u00e9voluer. Et c\u2019est l\u00e0 que la responsabilit\u00e9 collective entre en jeu. Le Rassemblement National, eux, veulent rester comme \u00e7a. C\u2019est \u00e9tonnant, non ? Des personnes, par ailleurs avec une sant\u00e9 mentale normale, se laissent embarquer par des leaders comme Marine Le Pen ou Jordan Bardella, qui se disent f\u00e9ministes, mais votent contre la loi sur le consentement. C\u2019est un vrai paradoxe.<\/p>\n\n\n\n<h3 class=\"wp-block-heading\">Refuser la r\u00e9gression, agir pour l\u2019\u00e9galit\u00e9<\/h3>\n\n\n\n<p>Alors, on fait quoi ? On ne va pas les laisser diriger le pays, quand m\u00eame. Ce serait terrible. Il faut continuer \u00e0 se battre, \u00e0 d\u00e9fendre l\u2019\u00e9galit\u00e9, \u00e0 refuser la r\u00e9gression. Les lois sur le consentement, sur la protection contre les violences de genre, ce n\u2019est pas juste un d\u00e9tail. C\u2019est un pas vers une soci\u00e9t\u00e9 plus juste, plus humaine.<\/p>\n\n\n\n<p>Et, vous savez quoi ? \u00c7a commence par nous. Par nos discussions, nos votes, nos engagements. Par le refus de la culture du viol, par l\u2019affirmation que les droits des femmes sont des droits humains. C\u2019est tout b\u00eate, mais c\u2019est essentiel.<\/p>\n\n\n\n<hr class=\"wp-block-separator has-alpha-channel-opacity\"\/>\n\n\n\n<p><strong>En r\u00e9sum\u00e9 :<\/strong><\/p>\n\n\n\n<p>La loi sur le consentement, c\u2019est une avanc\u00e9e. Les r\u00e9sistances, elles sont l\u00e0, mais elles ne doivent pas nous arr\u00eater. L\u2019\u00e9galit\u00e9 femme-homme, c\u2019est un combat de tous les jours, et c\u2019est aussi un combat pour l\u2019humanisme.<strong> On ne na\u00eet pas humain, on le devient.<\/strong> Et, franchement, il serait temps qu\u2019on devienne tous un peu plus humains.<\/p>\n<div style='text-align:center' class='yasr-auto-insert-visitor'><\/div>","protected":false},"excerpt":{"rendered":"<p>Consentement, zones grises et la loi : On en parle Derni\u00e8rement, j\u2019ai \u00e9crit sur la loi du consentement. Vous savez, ce fameux texte qui tente [&hellip;]<\/p>\n","protected":false},"author":2,"featured_media":10553,"comment_status":"open","ping_status":"open","sticky":false,"template":"","format":"standard","meta":{"yasr_overall_rating":0,"yasr_post_is_review":"","yasr_auto_insert_disabled":"","yasr_review_type":"","_jetpack_memberships_contains_paid_content":false,"footnotes":"","jetpack_publicize_message":"","jetpack_publicize_feature_enabled":true,"jetpack_social_post_already_shared":true,"jetpack_social_options":{"image_generator_settings":{"template":"highway","default_image_id":0,"font":"","enabled":false},"version":2}},"categories":[83,707,125],"tags":[],"class_list":["post-10552","post","type-post","status-publish","format-standard","has-post-thumbnail","hentry","category-actualite","category-egalitefemmehomme","category-violencesdegenre"],"aioseo_notices":[],"yasr_visitor_votes":{"stars_attributes":{"read_only":false,"span_bottom":false},"number_of_votes":1,"sum_votes":5},"jetpack_publicize_connections":[],"jetpack_featured_media_url":"https:\/\/carnicelli.eu\/wp-content\/uploads\/2026\/04\/culture-du-viol-scaled.png","jetpack_sharing_enabled":true,"jetpack_likes_enabled":true,"_links":{"self":[{"href":"https:\/\/carnicelli.eu\/index.php\/wp-json\/wp\/v2\/posts\/10552","targetHints":{"allow":["GET"]}}],"collection":[{"href":"https:\/\/carnicelli.eu\/index.php\/wp-json\/wp\/v2\/posts"}],"about":[{"href":"https:\/\/carnicelli.eu\/index.php\/wp-json\/wp\/v2\/types\/post"}],"author":[{"embeddable":true,"href":"https:\/\/carnicelli.eu\/index.php\/wp-json\/wp\/v2\/users\/2"}],"replies":[{"embeddable":true,"href":"https:\/\/carnicelli.eu\/index.php\/wp-json\/wp\/v2\/comments?post=10552"}],"version-history":[{"count":1,"href":"https:\/\/carnicelli.eu\/index.php\/wp-json\/wp\/v2\/posts\/10552\/revisions"}],"predecessor-version":[{"id":10554,"href":"https:\/\/carnicelli.eu\/index.php\/wp-json\/wp\/v2\/posts\/10552\/revisions\/10554"}],"wp:featuredmedia":[{"embeddable":true,"href":"https:\/\/carnicelli.eu\/index.php\/wp-json\/wp\/v2\/media\/10553"}],"wp:attachment":[{"href":"https:\/\/carnicelli.eu\/index.php\/wp-json\/wp\/v2\/media?parent=10552"}],"wp:term":[{"taxonomy":"category","embeddable":true,"href":"https:\/\/carnicelli.eu\/index.php\/wp-json\/wp\/v2\/categories?post=10552"},{"taxonomy":"post_tag","embeddable":true,"href":"https:\/\/carnicelli.eu\/index.php\/wp-json\/wp\/v2\/tags?post=10552"}],"curies":[{"name":"wp","href":"https:\/\/api.w.org\/{rel}","templated":true}]}}