{"id":10549,"date":"2026-04-29T09:40:46","date_gmt":"2026-04-29T07:40:46","guid":{"rendered":"https:\/\/carnicelli.eu\/?p=10549"},"modified":"2026-04-29T09:41:03","modified_gmt":"2026-04-29T07:41:03","slug":"atelier-gratuit-act-pour-les-victimes-de-violence-de-genre","status":"publish","type":"post","link":"https:\/\/carnicelli.eu\/index.php\/2026\/04\/29\/atelier-gratuit-act-pour-les-victimes-de-violence-de-genre\/","title":{"rendered":"Atelier gratuit ACT pour les victimes de violence de genre."},"content":{"rendered":"\n<ol class=\"wp-block-list\">\n<li>Introduction : Un atelier ACT pour les victimes de violences de genre<\/li>\n\n\n\n<li>Pourquoi cet atelier ? (anxi\u00e9t\u00e9, d\u00e9pression, rechute)<\/li>\n\n\n\n<li>Comment \u00e7a marche ? (visioconf\u00e9rence, dur\u00e9e, nombre de s\u00e9ances)<\/li>\n\n\n\n<li>Qui peut participer ? (victimes, b\u00e9n\u00e9voles, psychologues)<\/li>\n\n\n\n<li>Comment s\u2019inscrire ? (formulaire, validation, attentes)<\/li>\n\n\n\n<li>Organisation pratique (nombre de participants, horaires, documentation, outils)<\/li>\n\n\n\n<li>Conclusion : Un pas vers l\u2019\u00e9galit\u00e9 et le soutien<\/li>\n<\/ol>\n\n\n\n<hr class=\"wp-block-separator has-alpha-channel-opacity\"\/>\n\n\n\n<h2 class=\"wp-block-heading\">Un atelier ACT, vraiment pour vous ? Parlons-en franchement<\/h2>\n\n\n\n<p>Vous savez, parfois, on se demande si les solutions propos\u00e9es sont r\u00e9ellement adapt\u00e9es \u00e0 notre situation. Eh bien, cette fois, c\u2019est du concret : J&rsquo;animerai bient\u00f4t pour Patapon95  un atelier ACT (Th\u00e9rapie d&rsquo;Accaptation en d&rsquo;Engagement) sp\u00e9cialement r\u00e9serv\u00e9 aux victimes de violences de genre. C\u2019est pas juste un atelier de plus, c\u2019est un espace pens\u00e9 pour vous, pour nous, pour celles et ceux qui traversent des moments difficiles et cela est compl\u00e8tement gratuit pour la participants<\/p>\n\n\n\n<h3 class=\"wp-block-heading\">Pourquoi cet atelier ? L\u2019anxi\u00e9t\u00e9, la d\u00e9pression\u2026 et la rechute, on en parle ?<\/h3>\n\n\n\n<p>On ne va pas tourner autour du pot : les violences de genre laissent des traces. L\u2019anxi\u00e9t\u00e9, la d\u00e9pression, parfois m\u00eame la peur de rechuter. Vous saviez que la d\u00e9pression, c\u2019est une maladie qui peut revenir, comme un mauvais souvenir qui s\u2019invite sans pr\u00e9venir ? Statistiquement, les rechutes sont fr\u00e9quentes. Et franchement, qui a envie de revivre \u00e7a ? Cet atelier, il est l\u00e0 pour vous aider \u00e0 diminuer l\u2019anxi\u00e9t\u00e9, voire la faire dispara\u00eetre, et pour lutter contre la d\u00e9pression. Pour celles et ceux qui ont d\u00e9j\u00e0 connu une d\u00e9pression, c\u2019est aussi un moyen de commencer \u00e0 pr\u00e9venir la rechute. On ne va pas tout r\u00e9gler en quatre s\u00e9ances, mais c\u2019est un d\u00e9but, un vrai pas en avant.<\/p>\n\n\n\n<h3 class=\"wp-block-heading\">Comment \u00e7a marche ? Visioconf\u00e9rence, souplesse et participation<\/h3>\n\n\n\n<p>Alors, comment \u00e7a se passe concr\u00e8tement ? L\u2019atelier se d\u00e9roule en visioconf\u00e9rence. Oui, on aurait pu faire \u00e7a en pr\u00e9sentiel, mais soyons honn\u00eates : se d\u00e9placer, c\u2019est parfois compliqu\u00e9, surtout quand on n\u2019a pas la t\u00eate \u00e0 \u00e7a. L\u00e0, vous pouvez participer depuis chez vous, sans stress. C\u2019est un atelier participatif, pas un cours magistral. On \u00e9change, on partage, on avance ensemble.<\/p>\n\n\n\n<p>C\u00f4t\u00e9 dur\u00e9e, on parle d\u2019un mois, avec quatre s\u00e9ances (une par semaine). Peut-\u00eatre m\u00eame cinq, si le besoin s\u2019en fait sentir. L\u2019heure et le jour ne sont pas encore fix\u00e9s \u2013 on h\u00e9site entre mardi matin et jeudi apr\u00e8s-midi, mais on veut que ce soit pratique pour les participants. On en discute, on s\u2019adapte.<\/p>\n\n\n\n<h3 class=\"wp-block-heading\">Qui peut participer ? Victimes, b\u00e9n\u00e9voles, psychologues\u2026 et vous ?<\/h3>\n\n\n\n<p>Vous \u00eates victime de violences de genre, actuellement ou dans le pass\u00e9 ? Vous \u00eates suivi par un psychologue ou un psychiatre pour une d\u00e9pression ? Cet atelier est pour vous. <\/p>\n\n\n\n<p>Vous \u00eates b\u00e9n\u00e9vole de Patapon 95, ou vous envisagez de le devenir ? Eh bien, s&rsquo;il reste de la place et que vous voulez participer, c&rsquo;est d&rsquo;accord. L\u2019id\u00e9e, c\u2019est de cr\u00e9er un groupe o\u00f9 chacun peut trouver sa place, sans jugement, sans pression.<\/p>\n\n\n\n<h3 class=\"wp-block-heading\">Comment s\u2019inscrire ? Simple, rapide, humain<\/h3>\n\n\n\n<p>Pour participer, rien de plus simple : il suffit de remplir le formulaire disponible sur la page <a href=\"https:\/\/www.patapon95.fr\/index.php\/contact\/\" target=\"_blank\" rel=\"noopener\" title=\"\">\u00ab\u00a0Contact\u00a0\u00bb<\/a> du site de Patapon95. Ensuite, je vous rappelle, pour v\u00e9rifier que vous correspondez au public vis\u00e9, que vous avez les pr\u00e9requis n\u00e9cessaires. On discute aussi de vos attentes, parce que l\u2019atelier doit r\u00e9pondre \u00e0 vos besoins, pas juste \u00e0 une case \u00e0 cocher. Une fois que tout est valid\u00e9, je vous informe des dates, des horaires, de la documentation et des exercices \u00e0 venir. Vous recevrez aussi les outils pratiques issus de l\u2019atelier \u2013 parce que repartir avec du concret, c\u2019est important.<\/p>\n\n\n\n<h3 class=\"wp-block-heading\">Organisation pratique : petit groupe, vraie \u00e9coute<\/h3>\n\n\n\n<p>L\u2019atelier est limit\u00e9 \u00e0 six, maximum huit participants. Pourquoi ? Parce qu\u2019en visioconf\u00e9rence, au-del\u00e0, \u00e7a devient compliqu\u00e9 d\u2019animer le groupe et de permettre \u00e0 chacun de s\u2019exprimer. Six, c\u2019est l\u2019id\u00e9al pour que tout le monde puisse participer, poser ses questions, partager ses exp\u00e9riences. On veut que ce soit un vrai moment d\u2019\u00e9change, pas juste une r\u00e9union de plus.<\/p>\n\n\n\n<p>Les horaires seront fix\u00e9s en fonction des disponibilit\u00e9s des participants (et bien-s\u00fbr des miennes)\u00a0: on veut que ce soit accessible, pas une contrainte de plus. Vous recevrez toute la documentation n\u00e9cessaire, des exercices \u00e0 faire chez vous, et des outils concrets pour avancer.<\/p>\n\n\n\n<h3 class=\"wp-block-heading\">Un pas vers l\u2019\u00e9galit\u00e9, un vrai soutien<\/h3>\n\n\n\n<p>Honn\u00eatement, ce genre d\u2019initiative, \u00e7a fait du bien. On parle beaucoup d\u2019\u00e9galit\u00e9 femme-homme, de lutte contre les violences de genre, mais parfois, on oublie l\u2019accompagnement concret, humain. Cet atelier, c\u2019est une fa\u00e7on de dire : \u00ab On est l\u00e0, on avance ensemble. \u00bb <\/p>\n\n\n\n<p>Que vous soyez ancienne victime, victime en cours, ou juste en qu\u00eate de soutien, vous avez votre place.<\/p>\n\n\n\n<p>Alors, vous savez quoi ? Si vous vous sentez concern\u00e9, n\u2019h\u00e9sitez pas. <a href=\"https:\/\/www.patapon95.fr\/index.php\/contact\/\" target=\"_blank\" rel=\"noopener\" title=\"\">Inscrivez-vous<\/a>, parlez-en autour de vous, et faisons de cet atelier un vrai moment de partage et de reconstruction. Parce que l\u2019\u00e9galit\u00e9, \u00e7a passe aussi par le soutien, l\u2019\u00e9coute, et l\u2019action.<\/p>\n\n\n\n<hr class=\"wp-block-separator has-alpha-channel-opacity\"\/>\n\n\n\n<p><strong>Patapon 95 vous attend. Ensemble, on avance.<\/strong><\/p>\n<div style='text-align:center' class='yasr-auto-insert-visitor'><\/div>","protected":false},"excerpt":{"rendered":"<p>Un atelier ACT, vraiment pour vous ? Parlons-en franchement Vous savez, parfois, on se demande si les solutions propos\u00e9es sont r\u00e9ellement adapt\u00e9es \u00e0 notre situation. [&hellip;]<\/p>\n","protected":false},"author":2,"featured_media":8891,"comment_status":"open","ping_status":"open","sticky":false,"template":"","format":"standard","meta":{"yasr_overall_rating":0,"yasr_post_is_review":"","yasr_auto_insert_disabled":"","yasr_review_type":"","_jetpack_memberships_contains_paid_content":false,"footnotes":"","jetpack_publicize_message":"","jetpack_publicize_feature_enabled":true,"jetpack_social_post_already_shared":true,"jetpack_social_options":{"image_generator_settings":{"template":"highway","default_image_id":0,"font":"","enabled":false},"version":2}},"categories":[83,2,10,707,125],"tags":[],"class_list":["post-10549","post","type-post","status-publish","format-standard","has-post-thumbnail","hentry","category-actualite","category-act","category-coaching","category-egalitefemmehomme","category-violencesdegenre"],"aioseo_notices":[],"yasr_visitor_votes":{"stars_attributes":{"read_only":false,"span_bottom":false},"number_of_votes":1,"sum_votes":5},"jetpack_publicize_connections":[],"jetpack_featured_media_url":"https:\/\/carnicelli.eu\/wp-content\/uploads\/2026\/02\/hexaflex-1.jpg","jetpack_sharing_enabled":true,"jetpack_likes_enabled":true,"_links":{"self":[{"href":"https:\/\/carnicelli.eu\/index.php\/wp-json\/wp\/v2\/posts\/10549","targetHints":{"allow":["GET"]}}],"collection":[{"href":"https:\/\/carnicelli.eu\/index.php\/wp-json\/wp\/v2\/posts"}],"about":[{"href":"https:\/\/carnicelli.eu\/index.php\/wp-json\/wp\/v2\/types\/post"}],"author":[{"embeddable":true,"href":"https:\/\/carnicelli.eu\/index.php\/wp-json\/wp\/v2\/users\/2"}],"replies":[{"embeddable":true,"href":"https:\/\/carnicelli.eu\/index.php\/wp-json\/wp\/v2\/comments?post=10549"}],"version-history":[{"count":2,"href":"https:\/\/carnicelli.eu\/index.php\/wp-json\/wp\/v2\/posts\/10549\/revisions"}],"predecessor-version":[{"id":10551,"href":"https:\/\/carnicelli.eu\/index.php\/wp-json\/wp\/v2\/posts\/10549\/revisions\/10551"}],"wp:featuredmedia":[{"embeddable":true,"href":"https:\/\/carnicelli.eu\/index.php\/wp-json\/wp\/v2\/media\/8891"}],"wp:attachment":[{"href":"https:\/\/carnicelli.eu\/index.php\/wp-json\/wp\/v2\/media?parent=10549"}],"wp:term":[{"taxonomy":"category","embeddable":true,"href":"https:\/\/carnicelli.eu\/index.php\/wp-json\/wp\/v2\/categories?post=10549"},{"taxonomy":"post_tag","embeddable":true,"href":"https:\/\/carnicelli.eu\/index.php\/wp-json\/wp\/v2\/tags?post=10549"}],"curies":[{"name":"wp","href":"https:\/\/api.w.org\/{rel}","templated":true}]}}